{"id":2184,"date":"2022-01-19T08:47:28","date_gmt":"2022-01-19T08:47:28","guid":{"rendered":"http:\/\/cinquima.uva.es\/?p=2184"},"modified":"2026-03-12T10:27:19","modified_gmt":"2026-03-12T09:27:19","slug":"tesea-quimica-analitica-uva-youtube","status":"publish","type":"post","link":"https:\/\/cinquima.uva.es\/en\/tesea-quimica-analitica-uva-youtube\/","title":{"rendered":"TESEA, protagonista en el canal de YouTube de la UVa"},"content":{"rendered":"<p style=\"text-align: justify;\"><span style=\"font-family: tahoma, arial, helvetica, sans-serif;\"><span style=\"font-size: 18.6667px;\">Nuestro grupo de investigaci\u00f3n <b><a href=\"http:\/\/cinquima.uva.es\/en\/investigacion\/#tesea\">T\u00e9cnicas de Separaci\u00f3n y An\u00e1lisis Aplicado<\/a><\/b> (TESEA) ha sido protagonista en el <a href=\"https:\/\/www.youtube.com\/channel\/UC2WHY11-1g3V2i6Hz8G4QCA\">canal de YouTube de la Universidad de Valladolid<\/a>. Los compa\u00f1eros del Gabinete de Comunicaci\u00f3n, bajo el hashtag <b>#ideastransformadoras<\/b>, han recogido el trabajo de investigaci\u00f3n de TESEA en un v\u00eddeo muy interesante, donde <b>Jos\u00e9 Bernal del Nozal<\/b>, -coordinador del grupo-, junto con las investigadoras <b>Laura Toribio<\/b> y <b>Ana Mar\u00eda Ares<\/b>, han explicado <b>c\u00f3mo realizan an\u00e1lisis qu\u00edmicos avanzados<\/b> para dar soluciones a problemas reales y que se plantean diariamente en la sociedad. <\/span><\/span><\/p>\n<p style=\"text-align: justify;\"><span style=\"font-family: tahoma, arial, helvetica, sans-serif;\"><span style=\"font-size: 18.6667px;\">\u00c9chalo un vistazo y no te lo pierdas&#8230; \u00a1<b>la Qu\u00edmica Anal\u00edtica tiene respuesta<\/b> para todas estas cuestiones!<\/span><\/span><\/p>\n<p>&nbsp;<\/p>\n<p><iframe loading=\"lazy\" title=\"An\u00e1lisis qu\u00edmicos avanzados para dar soluci\u00f3n a problemas reales\" width=\"1080\" height=\"608\" src=\"https:\/\/www.youtube.com\/embed\/46n5GWEjl_I?feature=oembed\"  allow=\"accelerometer; autoplay; clipboard-write; encrypted-media; gyroscope; picture-in-picture; web-share\" referrerpolicy=\"strict-origin-when-cross-origin\" allowfullscreen><\/iframe><\/p>","protected":false},"excerpt":{"rendered":"<p>Nuestro grupo de investigaci\u00f3n T\u00e9cnicas de Separaci\u00f3n y An\u00e1lisis Aplicado (TESEA) ha sido protagonista en el canal de YouTube de la Universidad de Valladolid. Los compa\u00f1eros del Gabinete de Comunicaci\u00f3n, bajo el hashtag #ideastransformadoras, han recogido el trabajo de investigaci\u00f3n de TESEA en un v\u00eddeo muy interesante, donde Jos\u00e9 Bernal del Nozal, -coordinador del grupo-, [&hellip;]<\/p>\n","protected":false},"author":2,"featured_media":0,"comment_status":"closed","ping_status":"open","sticky":false,"template":"","format":"standard","meta":{"_et_pb_use_builder":"","_et_pb_old_content":"","_et_gb_content_width":"","footnotes":""},"categories":[2],"tags":[25,45,74],"class_list":["post-2184","post","type-post","status-publish","format-standard","hentry","category-ultimas-noticias","tag-iu-cinquima","tag-tesea","tag-universidad-de-valladolid"],"_links":{"self":[{"href":"https:\/\/cinquima.uva.es\/en\/wp-json\/wp\/v2\/posts\/2184","targetHints":{"allow":["GET"]}}],"collection":[{"href":"https:\/\/cinquima.uva.es\/en\/wp-json\/wp\/v2\/posts"}],"about":[{"href":"https:\/\/cinquima.uva.es\/en\/wp-json\/wp\/v2\/types\/post"}],"author":[{"embeddable":true,"href":"https:\/\/cinquima.uva.es\/en\/wp-json\/wp\/v2\/users\/2"}],"replies":[{"embeddable":true,"href":"https:\/\/cinquima.uva.es\/en\/wp-json\/wp\/v2\/comments?post=2184"}],"version-history":[{"count":7,"href":"https:\/\/cinquima.uva.es\/en\/wp-json\/wp\/v2\/posts\/2184\/revisions"}],"predecessor-version":[{"id":5343,"href":"https:\/\/cinquima.uva.es\/en\/wp-json\/wp\/v2\/posts\/2184\/revisions\/5343"}],"wp:attachment":[{"href":"https:\/\/cinquima.uva.es\/en\/wp-json\/wp\/v2\/media?parent=2184"}],"wp:term":[{"taxonomy":"category","embeddable":true,"href":"https:\/\/cinquima.uva.es\/en\/wp-json\/wp\/v2\/categories?post=2184"},{"taxonomy":"post_tag","embeddable":true,"href":"https:\/\/cinquima.uva.es\/en\/wp-json\/wp\/v2\/tags?post=2184"}],"curies":[{"name":"wp","href":"https:\/\/api.w.org\/{rel}","templated":true}]}}